[{"@context":"https:\/\/schema.org\/","@type":"Article","@id":"https:\/\/www.tikej.cz\/konec-letnich-dnu\/#Article","mainEntityOfPage":"https:\/\/www.tikej.cz\/konec-letnich-dnu\/","headline":"Konec letn\u00edch dn\u016f","name":"Konec letn\u00edch dn\u016f","description":"Kdy&Aring;&frac34; se v kalend&Atilde;&iexcl;&Aring;&#8482;i objev&Atilde;&shy; srpen, tak pomalu za&Auml;&Atilde;&shy;n&Atilde;&iexcl; schylovat k r&Aring;&macr;zn&Atilde;&frac12;m p&Aring;&#8482;&Atilde;&shy;prav&Atilde;&iexcl;m na podzim nebo rovnou zimu. Zahr&Atilde;&iexcl;dk&Atilde;&iexcl;&Aring;&#8482;i skl&Atilde;&shy;z&Atilde;&shy; &Atilde;&ordm;rodu, dokon&Auml;uj&Atilde;&shy; se &Aring;&frac34;n&Auml;&#8250; a rodi&Auml;e se pou&Aring;&iexcl;t&Atilde;&shy; do velk&Atilde;&frac12;ch n&Atilde;&iexcl;kup&Aring;&macr;, aby ratolesti byly &Aring;&#8482;&Atilde;&iexcl;dn&Auml;&#8250; p&Aring;&#8482;ipraveny na dal&Aring;&iexcl;&Atilde;&shy; &Aring;&iexcl;koln&Atilde;&shy; rok ve sv&Atilde;&frac12;ch lavic&Atilde;&shy;ch. &Auml;&#338;as se skute&Auml;n&Auml;&#8250; zastavit ned&Atilde;&iexcl;, ale my na chv&Atilde;&shy;li m&Aring;&macr;&Aring;&frac34;eme vypnout a odpo&Auml;inout si od b&Auml;&#8250;&Aring;&frac34;n&Atilde;&copy;ho denn&Atilde;&shy;ho shonu. Kdo m&Atilde;&iexcl; svoji zahr&Atilde;&iexcl;dku nebo pozemek, tak si klidn&Auml;&#8250; m&Aring;&macr;&Aring;&frac34;e u&Aring;&frac34;&Atilde;&shy;t posledn&Atilde;&shy; letn&Atilde;&shy; dny venku. Takov&Atilde;&frac12; p&Auml;&#8250;kn&Auml;&#8250; str&Atilde;&iexcl;ven&Atilde;&frac12; ve&Auml;er pod hv&Auml;&#8250;zdami a rodinou nebo s p&Aring;&#8482;&Atilde;&iexcl;teli je ide&Atilde;&iexcl;ln&Atilde;&shy;. Pochutnat si na n&Auml;&#8250;jak&Atilde;&copy; grilovan&Atilde;&copy; dobr&Aring;&macr;tce, pobavit se, zasm&Atilde;&iexcl;t se a <a class=\"read-more read-more-onhover\" href=\"https:\/\/www.tikej.cz\/konec-letnich-dnu\/\">Read More<\/a>","datePublished":"2019-06-17","dateModified":"2023-12-01","author":{"@type":"Person","@id":"https:\/\/www.tikej.cz\/author\/#Person","name":"","url":"https:\/\/www.tikej.cz\/author\/","identifier":1,"image":{"@type":"ImageObject","@id":"https:\/\/secure.gravatar.com\/avatar\/3c4e99fa9a9806cd5e8fd7cac6ca73ff5bbf5f3ee309e1745415eebd31482909?s=96&d=mm&r=g","url":"https:\/\/secure.gravatar.com\/avatar\/3c4e99fa9a9806cd5e8fd7cac6ca73ff5bbf5f3ee309e1745415eebd31482909?s=96&d=mm&r=g","height":96,"width":96}},"publisher":{"@type":"Organization","name":"tikej.cz","logo":{"@type":"ImageObject","@id":"\/logo.png","url":"\/logo.png","width":600,"height":60}},"image":{"@type":"ImageObject","@id":"https:\/\/www.tikej.cz\/wp-content\/uploads\/img_a351997_w1737_t1566543082.jpg","url":"https:\/\/www.tikej.cz\/wp-content\/uploads\/img_a351997_w1737_t1566543082.jpg","height":0,"width":0},"url":"https:\/\/www.tikej.cz\/konec-letnich-dnu\/","about":["Cestov\u00e1n\u00ed"],"wordCount":818,"articleBody":"  Kdy&Aring;&frac34; se v kalend&Atilde;&iexcl;&Aring;&#8482;i objev&Atilde;&shy; srpen, tak pomalu za&Auml;&Atilde;&shy;n&Atilde;&iexcl; schylovat k r&Aring;&macr;zn&Atilde;&frac12;m p&Aring;&#8482;&Atilde;&shy;prav&Atilde;&iexcl;m na podzim nebo rovnou zimu. Zahr&Atilde;&iexcl;dk&Atilde;&iexcl;&Aring;&#8482;i skl&Atilde;&shy;z&Atilde;&shy; &Atilde;&ordm;rodu, dokon&Auml;uj&Atilde;&shy; se &Aring;&frac34;n&Auml;&#8250; a rodi&Auml;e se pou&Aring;&iexcl;t&Atilde;&shy; do velk&Atilde;&frac12;ch n&Atilde;&iexcl;kup&Aring;&macr;, aby ratolesti byly &Aring;&#8482;&Atilde;&iexcl;dn&Auml;&#8250; p&Aring;&#8482;ipraveny na dal&Aring;&iexcl;&Atilde;&shy; &Aring;&iexcl;koln&Atilde;&shy; rok ve sv&Atilde;&frac12;ch lavic&Atilde;&shy;ch. &Auml;&#338;as se skute&Auml;n&Auml;&#8250; zastavit ned&Atilde;&iexcl;, ale my na chv&Atilde;&shy;li m&Aring;&macr;&Aring;&frac34;eme vypnout a odpo&Auml;inout si od b&Auml;&#8250;&Aring;&frac34;n&Atilde;&copy;ho denn&Atilde;&shy;ho shonu. Kdo m&Atilde;&iexcl; svoji zahr&Atilde;&iexcl;dku nebo pozemek, tak si klidn&Auml;&#8250; m&Aring;&macr;&Aring;&frac34;e u&Aring;&frac34;&Atilde;&shy;t posledn&Atilde;&shy; letn&Atilde;&shy; dny venku. Takov&Atilde;&frac12; p&Auml;&#8250;kn&Auml;&#8250; str&Atilde;&iexcl;ven&Atilde;&frac12; ve&Auml;er pod hv&Auml;&#8250;zdami a rodinou nebo s p&Aring;&#8482;&Atilde;&iexcl;teli je ide&Atilde;&iexcl;ln&Atilde;&shy;. Pochutnat si na n&Auml;&#8250;jak&Atilde;&copy; grilovan&Atilde;&copy; dobr&Aring;&macr;tce, pobavit se, zasm&Atilde;&iexcl;t se a odreagovat, je &Auml;as od &Auml;asu skute&Auml;n&Auml;&#8250; pot&Aring;&#8482;eba. Tma nemus&Atilde;&shy; p&Aring;&#8482;ekazit &Aring;&frac34;&Atilde;&iexcl;dnou party Kdo m&Atilde;&iexcl; d&Auml;&#8250;ti, tak je m&Aring;&macr;&Aring;&frac34;e dokonce tak trochu zam&Auml;&#8250;stnat. D&Atilde;&shy;ky tomu, &Aring;&frac34;e jsou tvo&Aring;&#8482;iv&Atilde;&copy; a skute&Auml;n&Auml;&#8250; r&Atilde;&iexcl;dy tvo&Aring;&#8482;&Atilde;&shy; n&Auml;&#8250;co, co d&Atilde;&iexcl;v&Atilde;&iexcl; smysl, tak mohou se pokusit vyrobit sv&Auml;&#8250;t&Atilde;&frac12;lka na ve&Auml;ern&Atilde;&shy; oslavu. Mlad&Aring;&iexcl;&Atilde;&shy; si mohou vyp&Aring;&macr;j&Auml;it od maminky z kuchyn&Auml;&#8250; pe&Auml;&Atilde;&shy;c&Atilde;&shy; pap&Atilde;&shy;r, kter&Atilde;&frac12; mohou r&Aring;&macr;zn&Auml;&#8250; polepit vyst&Aring;&#8482;i&Aring;&frac34;en&Atilde;&frac12;mi vzory z barevn&Atilde;&copy;ho pap&Atilde;&shy;ru nebo posb&Atilde;&shy;rat r&Aring;&macr;znou dekoraci p&Aring;&#8482;&Atilde;&shy;mo venku. Listy, kv&Auml;&#8250;tinky nebo jin&Atilde;&copy; dary p&Aring;&#8482;&Atilde;&shy;rody. Rodi&Auml;e pak vyst&Aring;&#8482;ihnout tvrd&Atilde;&frac12; podklad z kartonu a vytvarovan&Atilde;&frac12; pap&Atilde;&shy;r do lampionku p&Aring;&#8482;icvakaj&Atilde;&shy; nebo p&Aring;&#8482;ilep&Atilde;&shy; na dno. Bude t&Aring;&#8482;eba zpevnit i horn&Atilde;&shy; &Auml;&Atilde;&iexcl;st, op&Auml;&#8250;t posta&Auml;&Atilde;&shy; kartonov&Atilde;&frac12; lem. Pak jen dovnit&Aring;&#8482; d&Atilde;&iexcl;t sv&Atilde;&shy;&Auml;ku a je hotovo.  Sv&Auml;&#8250;tlo ke grilu Takov&Atilde;&frac12; lampionek je sice hezk&Atilde;&frac12;, ale nedosta&Auml;uj&Atilde;&shy;c&Atilde;&shy; na n&Auml;&#8250;kter&Atilde;&iexcl; m&Atilde;&shy;sta. Existuj&Atilde;&shy; venkovn&Atilde;&shy; sv&Atilde;&shy;tidla, kter&Atilde;&iexcl; se budou hodit, p&Aring;&#8482;&Atilde;&shy;padn&Auml;&#8250; lze pou&Aring;&frac34;&Atilde;&shy;t i n&Auml;&#8250;jak&Atilde;&copy; star&Aring;&iexcl;&Atilde;&shy; sv&Atilde;&shy;tidlo. Nicm&Atilde;&copy;n&Auml;&#8250; d&Atilde;&shy;ky &Atilde;&ordm;spo&Aring;&#8482;e se vyplat&Atilde;&shy; po&Aring;&#8482;&Atilde;&shy;dit LED &Aring;&frac34;&Atilde;&iexcl;rovku E27, kter&Atilde;&iexcl; bude p&Aring;&#8482;irozen&Auml;&#8250; vyd&Atilde;&iexcl;vat jasn&Atilde;&copy; sv&Auml;&#8250;tlo, kter&Atilde;&copy; bude pro detailn&Atilde;&shy; pr&Atilde;&iexcl;ci ve venkovn&Atilde;&shy; kuchyni naprosto &Atilde;&ordm;&Aring;&frac34;asn&Atilde;&copy;. V&Atilde;&frac12;hodou je, &Aring;&frac34;e se skute&Auml;n&Auml;&#8250; nemus&Atilde;&shy;me b&Atilde;&iexcl;t ji d&Atilde;&iexcl;t i do star&Atilde;&copy;ho sv&Atilde;&shy;tidla po prarodi&Auml;&Atilde;&shy;ch. Nejde o samotn&Atilde;&copy; sv&Auml;&#8250;tlo, ale p&Aring;&#8482;edev&Aring;&iexcl;&Atilde;&shy;m o z&Atilde;&iexcl;vit, kter&Atilde;&frac12; se shoduje s p&Aring;&#8482;ede&Aring;&iexcl;l&Atilde;&frac12;mi typy &Aring;&frac34;&Atilde;&iexcl;rovek, co&Aring;&frac34; je naprosto skv&Auml;&#8250;l&Atilde;&copy;. Rozlu&Auml;kov&Atilde;&frac12; ve&Auml;er s l&Atilde;&copy;tem, pr&Atilde;&iexcl;zdninami a dovolenou tak m&Aring;&macr;&Aring;&frac34;e vesele pokra&Auml;ovat, a&Aring;&frac34; do rann&Atilde;&shy;ch hodin.                                                                                                                                                                                                                                                                                                                                                                                          3.9\/5 - (10 votes)        "},{"@context":"https:\/\/schema.org\/","@type":"BreadcrumbList","itemListElement":[{"@type":"ListItem","position":1,"name":"Konec letn\u00edch dn\u016f","item":"https:\/\/www.tikej.cz\/konec-letnich-dnu\/#breadcrumbitem"}]}]