[{"@context":"https:\/\/schema.org\/","@type":"Article","@id":"https:\/\/www.tikej.cz\/koukame-za-hranice\/#Article","mainEntityOfPage":"https:\/\/www.tikej.cz\/koukame-za-hranice\/","headline":"Kouk\u00e1me za hranice","name":"Kouk\u00e1me za hranice","description":"Ano, kr\u00e1sn\u00e9 v\u00fdhledy m\u00e1me pr\u00e1v\u011b mimo na\u0161i vlast. A nebudeme nyn\u00ed br\u00e1t v potaz ani \u0160umavu, ani Krkono\u0161e. Budeme se d\u00edvat na Slovensko. A v t\u00e9to souvislosti v\u00e1s jist\u011b napadnou Beskydy. Ono, i odtamtud jsou hezk\u00e9 v\u00fdhledy, ale my nepolezeme tak vysoko. I kdy\u017e tam, kam v\u00e1s zavedu je cesta tak\u00e9 do p\u011bkn\u00e9ho hrbu. Ale zase je tam bo\u017esk\u00fd klid. Nen\u00ed tu \u017e\u00e1dn\u00e1 turistick\u00fd stezky a t\u011bchto m\u00edstech se m\u00e1lo v\u00ed. A m\u00edstn\u00ed sem nechod\u00ed, proto\u017ee k tomu nemaj\u00ed d\u016fvod. Tak si vezm\u011bte po\u0159\u00e1dn\u00e9 boty a jdeme na to. \u0160up, \u0161up. Nasedn\u011bte na autobus nap\u0159\u00edklad v Brumov\u011b a vystoup\u00edte na <a class=\"read-more read-more-onhover\" href=\"https:\/\/www.tikej.cz\/koukame-za-hranice\/\">Read More<\/a>","datePublished":"2024-03-29","dateModified":"2024-03-29","author":{"@type":"Person","@id":"https:\/\/www.tikej.cz\/author\/#Person","name":"","url":"https:\/\/www.tikej.cz\/author\/","identifier":1,"image":{"@type":"ImageObject","@id":"https:\/\/secure.gravatar.com\/avatar\/3c4e99fa9a9806cd5e8fd7cac6ca73ff5bbf5f3ee309e1745415eebd31482909?s=96&d=mm&r=g","url":"https:\/\/secure.gravatar.com\/avatar\/3c4e99fa9a9806cd5e8fd7cac6ca73ff5bbf5f3ee309e1745415eebd31482909?s=96&d=mm&r=g","height":96,"width":96}},"publisher":{"@type":"Organization","name":"tikej.cz","logo":{"@type":"ImageObject","@id":"\/logo.png","url":"\/logo.png","width":600,"height":60}},"image":{"@type":"ImageObject","@id":"https:\/\/www.tikej.cz\/wp-content\/uploads\/deer-roe-8221953_640.jpg","url":"https:\/\/www.tikej.cz\/wp-content\/uploads\/deer-roe-8221953_640.jpg","height":0,"width":0},"url":"https:\/\/www.tikej.cz\/koukame-za-hranice\/","about":["Cestov\u00e1n\u00ed"],"wordCount":412,"articleBody":"Ano, kr\u00e1sn\u00e9 v\u00fdhledy m\u00e1me pr\u00e1v\u011b mimo na\u0161i vlast. A nebudeme nyn\u00ed br\u00e1t v potaz ani \u0160umavu, ani Krkono\u0161e. Budeme se d\u00edvat na Slovensko. A v t\u00e9to souvislosti v\u00e1s jist\u011b napadnou Beskydy. Ono, i odtamtud jsou hezk\u00e9 v\u00fdhledy, ale my nepolezeme tak vysoko. I kdy\u017e tam, kam v\u00e1s zavedu je cesta tak\u00e9 do p\u011bkn\u00e9ho hrbu. Ale zase je tam bo\u017esk\u00fd klid. Nen\u00ed tu \u017e\u00e1dn\u00e1 turistick\u00fd stezky a t\u011bchto m\u00edstech se m\u00e1lo v\u00ed. A m\u00edstn\u00ed sem nechod\u00ed, proto\u017ee k tomu nemaj\u00ed d\u016fvod. Tak si vezm\u011bte po\u0159\u00e1dn\u00e9 boty a jdeme na to. \u0160up, \u0161up. Nasedn\u011bte na autobus nap\u0159\u00edklad v Brumov\u011b a vystoup\u00edte na zast\u00e1vce Brumov-Bylnice, Vl\u00e1rsk\u00e1. Pokud byste sem cht\u011bli autem, nen\u00ed kde tu parkovat. Museli byste nechat toho sv\u00e9ho plechov\u00e9ho mil\u00e1\u010dka na vlakov\u00e9m n\u00e1dra\u017e\u00ed, tam je mini parkovi\u0161t\u011b. \u00a0Tak\u017ee po vystoupen\u00ed z autobusu bohu\u017eel mus\u00edte kousek po hlavn\u00ed asfaltov\u00e9 cest\u011b. Ale nebojte se, je to jen p\u011bt set metr\u016f. I p\u0159esto jednozna\u010dn\u011b doporu\u010duji reflexn\u00ed vesty. Nejprve minete prvn\u00ed odbo\u010dku vlevo. Je t\u011bsn\u011b p\u0159ed m\u016fstkem. Nev\u0161\u00edmejte si j\u00ed, ale pokra\u010dujte je\u0161t\u011b kousek d\u00e1le. Uvid\u00edte dal\u0161\u00ed odbo\u010dku vlevo a tou se dejte. P\u016fjde lesn\u00ed cestou a a\u017e uvid\u00edte prvn\u00ed chatku, budete na za\u010d\u00e1tku m\u00edsta zvan\u00e9ho Hlubo\u010de. B\u011b\u017ete po\u0159\u00e1d po stejn\u00e9 cest\u011b sm\u011br ta chatka a naraz\u00edte na k\u0159i\u017eovatku. Vy se d\u00e1te tou cestou doprava. Nyn\u00ed v\u00e1s \u010dek\u00e1 stoup\u00e1n\u00ed, ale nesp\u011bchejte.Asi v polovin\u011b nebo je\u0161t\u011b d\u00e1le v\u00e1s \u010dek\u00e1 prvn\u00ed uchvacuj\u00edc\u00ed v\u00fdhled na vesni\u010dku Svat\u00fd \u0160t\u011bp\u00e1n, a to se v\u00e1m vryje do srdce. U\u017e jsem toho n\u011bco nachodila, ale tohle je prost\u011b unik\u00e1t. Pokochejte se a b\u011b\u017ete nahoru na kopec. To je c\u00edl va\u0161\u00ed cesty. Ne\u010dekejte tam ani ob\u010derstven\u00ed, ani st\u00e1nky s n\u011b\u010d\u00edm, neo\u010dek\u00e1vejte v\u016fbec nic mimo n\u00e1dhern\u00fd v\u00fdhled na Slovenskou stranu a Malou Fatru. Plus Str\u00e1\u017eovsk\u00e9 vrchy. \u00a0Tak to je pohled z na\u0161ich B\u00edl\u00fdch Karpat do ciziny. Samoz\u0159ejm\u011b, \u017ee mus\u00edte m\u00edt hezk\u00e9 po\u010das\u00ed, pokud by byla mlha, m\u00e1te smol\u00edka. Co\u017e v\u00e1m nep\u0159eji. \u00a0                                                                                                                                                                                                                                                                                                                                                                                        4\/5 - (4 votes)        "},{"@context":"https:\/\/schema.org\/","@type":"BreadcrumbList","itemListElement":[{"@type":"ListItem","position":1,"name":"Kouk\u00e1me za hranice","item":"https:\/\/www.tikej.cz\/koukame-za-hranice\/#breadcrumbitem"}]}]